{"id":391,"date":"2024-05-30T11:07:27","date_gmt":"2024-05-30T11:07:27","guid":{"rendered":"https:\/\/aracati.net\/v3\/?p=391"},"modified":"2024-05-30T11:37:23","modified_gmt":"2024-05-30T11:37:23","slug":"antonio-saboya-de-sa-leitao","status":"publish","type":"post","link":"https:\/\/aracati.net\/v3\/antonio-saboya-de-sa-leitao\/","title":{"rendered":"Ant\u00f4nio Saboya de S\u00e1 Leit\u00e3o"},"content":{"rendered":"\n<p class=\"wp-block-paragraph\">Ant\u00f4nio Saboya de S\u00e1 Leit\u00e3o (Bel. e Pe.)\u2014Descen\u00addente pelo lado materno das fam\u00edlias Castro e Saboia, nasceu a 21 de setembro de 1842 em Aracati.<br>Seu pai, Jos\u00e9 de S\u00e1 Leit\u00e3o, administrador das Rendas Gerais de Aracati, que faleceu a 21 de julho de 1879, era natural de Pernambuco, e sua m\u00e3e, D\u00aa Carlota Maria de Saboia, natural do Aracati, e falecida a 5 de janeiro de 1849, era neta dos dois troncos principais das citadas fam\u00edlias, Jos\u00e9 de Castro Silva 1.\u00b0 e Dr. Baltazar de Saboia.<br>Aprendeu primeiras letras em casa com seu pai, e de\u00adpois o latim com o professor Porf\u00edrio S\u00e9rgio de Saboia con\u00adtinuando o estudo dessa l\u00edngua juntamente com o de outros preparat\u00f3rios no Recife, para onde seguiu em junho de 1858.<br>Indeciso ao princ\u00edpio sobre a carreira a abra\u00e7ar resol\u00adveu-se afinal a formar-se em direito vindo a matricular-se na Faculdade dali em 1862.<br>Conclu\u00eddo o curso acad\u00eamico em 1866, recebeu em seguida o grau de Bacharel e logo pensou em dedicar-se \u00e0 magistratura.<br>Um amigo da fam\u00edlia, que se achava no Par\u00e1, obteve-Ihe a nomea\u00e7\u00e3o de promotor p\u00fablico de Gurup\u00e1, nomea\u00e7\u00e3o que n\u00e3o aceitou por preferir ficar no Cear\u00e1.<br>Estando em Aracati desde mar\u00e7o de 1867 a\u00ed come\u00e7ou a praticar como advogado, mas no fim do mesmo ano foi nomeado promotor do Ic\u00f3, emprego de que tomou conta em janeiro de 1868, e apenas exerceu por seis meses, pois a mudan\u00e7a de pol\u00edtica, que houve nesse ano, o fez remover para Imperatriz (Itapipoca), a\u00ed permanecendo at\u00e9 julho de 1872, quando, completado o quatri\u00eanio, pediu exonera\u00e7\u00e3o e voltou para Aracati.<br>Em 1873 foi nomeado juiz municipal de Chaves, no Par\u00e1, emprego de que, ali\u00e1s, n\u00e3o se aproveitou.<br>Em 1875, gra\u00e7as a seu mestre e amigo Conselheiro Bandeira de Mello Filho, teve a nomea\u00e7\u00e3o de promotor do Ass\u00fa e ali se conservou at\u00e9 mar\u00e7o de 1877 seguindo ent\u00e3o para o Recife, com destino ao Rio de Janeiro afim de soli\u00adcitar o despacho de juiz de direito, favor que lhe obteve seu primo o Visconde de Saboia, a 29 de dezembro do dito ano, sendo designado para servir na comarca de Jeromenha, no Piaui. Excedeu de onze anos sua judicatura em Jeromenha iniciada a 24 de julho de 1878.<br>Alcan\u00e7ando uma licen\u00e7a em 1879, o Dr. S\u00e1 Leit\u00e3o tra\u00adtou de goz\u00e1-la no Aracati e foi ent\u00e3o que fundou a primeira Confer\u00eancia da Sociedade de S. Vicente de Paulo que surgiu no Cear\u00e1, solo ub\u00e9rrimo para \u00e1rvore de t\u00e3o aben\u00e7oados frutos.<br>A data escolhida para realiza\u00e7\u00e3o desse acontecimento importante da hist\u00f3ria religiosa do Cear\u00e1 foi o dia 8 de dezembro, e a Confer\u00eancia instalada colocou-se sob o patroc\u00ednio de S. Francisco de Assis.<br>Hoje a pequena semente plantada no Aracati pelo Dr. S\u00e1 Leit\u00e3o \u00e9 arvore frondosa sob cujos galhos se aninham mi\u00adlhares de pobres e infelizes, pois se contam no Estado 165 Confer\u00eancias funcionando sob as vistas de 32 Conselhos.<br>Em junho de 1890 foi o Dr. S\u00e1 Leit\u00e3o removido por ato do Governo Provis\u00f3rio para a comarca do Aracati, mas na organiza\u00e7\u00e3o judiciaria, feita pelo Coronel Jos\u00e9 Clarindo de Queiroz, em 1891, coube-lhe a comarca do Ic\u00f3.<br>Poucos dias depois de haver tomado conta dessa co\u00admarca entrou no gozo de uma licen\u00e7a, e promovia sua volta para a terra do ber\u00e7o quando sobreveio a deposi\u00e7\u00e3o do General.<br>A nova organiza\u00e7\u00e3o da magistratura do Estado \u00e0 que se procedeu em fevereiro n\u00e3o contemplou esse distinto e \u00edntegro funcion\u00e1rio ficando ele, portanto, em disponibilidade.<br>Trez anos e alguns meses depois o Governo Federal o aposentou for\u00e7adamente como a muitos outros magistrados pelo c\u00e9lebre Dec. de 25 de julho de 1895; sendo, por\u00e9m, anulado esse ato do poder executivo, reverteu ele \u00e0 dis\u00adponibilidade.<br>Em outubro de 1889 fora agraciado pelo Governo Im\u00adperial com o Oficialato da Rosa.<br>Todo entregue \u00e0s obras de piedade e caridade em que se salienta como belo modelo de crist\u00e3o pr\u00e1tico, o Dr. S\u00e1 Leit\u00e3o recebeu a 3 janeiro (1904) ordens sacras no Semin\u00e1rio de Pernambuco e cantou sua primeira missa dia da Epifania.<br>A Revista Paulista Santa Cruz, ano IX, n.\u00b0 de julho de 1909, traz a biografia do venerando sacerdote acompa\u00adnhando-a de uma interessante fotografia, que o representa circundado de seus nove filhos, dos quais um, que foi disc\u00edpulo dos Salesianos, acaba tamb\u00e9m de receber ordens sacras.<br>Escreveu :<br>\u2014Exposi\u00e7\u00e3o do presidente do Conselho Particular de Aracati, lida na Assembleia Geral de 8 de dezembro de 1904, festa da Imaculada Concei\u00e7\u00e3o, 50\u00ba anivers\u00e1rio da defini\u00e7\u00e3o do Dogma e 25\u00ba da funda\u00e7\u00e3o da primeira Confer\u00eancia da Sociedade de S. Vicente de Paulo do Cear\u00e1. Encontra-se pu\u00adblicada essa Exposi\u00e7\u00e3o na Revista do Conselho Central da Sociedade de S. Vicente de Paulo do Cear\u00e1, n.\u00b0 de janeiro de 1905.<br>S\u00e3o os seguintes os irm\u00e3os do Dr. Ant\u00f4nio Saboia de S\u00e1 Leil\u00e3o, todos nascidos no Aracati.<br>1\u2014D\u00aa Maria Carlota de S\u00e1 Leit\u00e3o, nascida a 26 de julho de 1832 e falecida, inupta, a 2 de maio de 1878.<br>2\u2014Jos\u00e9 de S\u00e1 Leit\u00e3o J\u00fanior, nascido a 16 de setembro de 1833. Aos 19 anos seguiu para Pernambuco, onde estu\u00addou preparat\u00f3rios, empregando-se depois em uma importante casa comercial como guarda-liyros. Mais tarde estabeleceu-se, fazendo sociedade com dois de seus irm\u00e3os, e chegou a ocupar uma posi\u00e7\u00e3o vantajosa, mas revezes que sobrevieram puzeram a casa em liquida\u00e7\u00e3o.<br>Casou-se em primeiras n\u00fapcias com sua prima leg\u00edtima D\u00aa Em\u00edlia Alexandrina Coimbra, que faleceu a 28 de setembro de 1865 e em segundas n\u00fapcias com D\u00aa Ermelinda Vaz de Car\u00advalho, em 1872, tendo deste cons\u00f3rcio filhos em n\u00famero de sete.<br>3\u2014D\u00aa Ana Alexandrina do Rego Valen\u00e7a, nascida a 1\u00ba de janeiro de 1835. Na idade de 22 anos foi ao Recife visitar uma sua tia e madrinha, e a\u00ed casou-se a 17 de novembro de 1859 com Jo\u00e3o Bernardo do Rego Valen\u00e7a, na\u00adtural daquela cidade. Este faleceu em dezembro de 1884, deixando oito filhos.<br>4\u2014D\u00aa Carlota Ursula de S\u00e1 Monteiro, nascida em mar\u00e7o de 1836, e casada com Raimundo Monteiro da Silva, natural tamb\u00e9m do Aracati. Ambos j\u00e1 faleceram, deixando seis filhos, dos quais cinco residem em Ass\u00fa, Rio Grande do Norte, e um no Par\u00e1.<br>5\u2014D\u00aa Francisca Carlota de S\u00e1 Leit\u00e3o, nascida a 23 de janeiro de 1838.<br>6\u2014Manoel de S\u00e1 Leit\u00e3o, casado, residente no Limoeiro em Pernambuco, nasceu a 26 de maio de 1839, e em 1856 seguiu para o Recife empregando-se na mesma casa co\u00admercial em que achava-se seu irm\u00e3o Jos\u00e9. de quem depois foi s\u00f3cio. De seu casamento com sua prima D\u00aa Ana Ale\u00adxandrina Coimbra teve cinco filhos, dos quais restam tr\u00eas.<br>7\u2014Joaquim de S\u00e1 Leit\u00e3o, residente em Ass\u00fa, Rio Grande do Norte. Nasceu a 21 de mar\u00e7o de 1844 e seguiu para o Recife em 1862. Ao princ\u00edpio foi caixeiro do seu irm\u00e3o Jos\u00e9 e depois s\u00f3cio. Desde que extinguiu-se a sociedade, ficou resi\u00addindo no Ass\u00fa, onde tinha ido a neg\u00f3cio. A\u00ed casou-se em 1876 com D\u00aa Ana de Ara\u00fajo Furtado, que veio a falecer em 1894, deixando cinco filhos.<br>8\u2014Jo\u00e3o de S\u00e1 Leit\u00e3o, nascido a 13 de novembro de 1845. Negociante. Casou-se, mesmo no Aracati, em maio de 1876 com D\u00aa Thereza Astudilo y Bussons, e faleceu a 1\u00ba de outubro de 1878.<br>9\u2014D\u00aa Ursula Carlota de S\u00e1 Leit\u00e3o, nascida a 28 de maio de 1848.<\/p>\n\n\n\n<p class=\"wp-block-paragraph\">Fonte: DICION\u00c1RIO BIO-BIBLIOGR\u00c1FICO CEARENSE (VOLUME PRIMEIRO) ABEL- JO\u00c3O . Dr. Guilherme Studart (Bar\u00e3o de Studart) p. 129-133.<\/p>\n","protected":false},"excerpt":{"rendered":"<p>Ant\u00f4nio Saboya de S\u00e1 Leit\u00e3o (Bel. e Pe.)\u2014Descen\u00addente pelo lado materno das fam\u00edlias Castro e Saboia, nasceu a 21 de setembro de 1842 em Aracati.Seu pai, Jos\u00e9 de S\u00e1 Leit\u00e3o, administrador das Rendas Gerais de Aracati, que faleceu a 21 de julho de 1879, era natural de Pernambuco, e sua m\u00e3e, D\u00aa Carlota Maria de [&hellip;]<\/p>\n","protected":false},"author":1,"featured_media":392,"comment_status":"open","ping_status":"open","sticky":false,"template":"","format":"standard","meta":{"footnotes":""},"categories":[11],"tags":[],"class_list":["post-391","post","type-post","status-publish","format-standard","has-post-thumbnail","hentry","category-biografias"],"_links":{"self":[{"href":"https:\/\/aracati.net\/v3\/wp-json\/wp\/v2\/posts\/391","targetHints":{"allow":["GET"]}}],"collection":[{"href":"https:\/\/aracati.net\/v3\/wp-json\/wp\/v2\/posts"}],"about":[{"href":"https:\/\/aracati.net\/v3\/wp-json\/wp\/v2\/types\/post"}],"author":[{"embeddable":true,"href":"https:\/\/aracati.net\/v3\/wp-json\/wp\/v2\/users\/1"}],"replies":[{"embeddable":true,"href":"https:\/\/aracati.net\/v3\/wp-json\/wp\/v2\/comments?post=391"}],"version-history":[{"count":1,"href":"https:\/\/aracati.net\/v3\/wp-json\/wp\/v2\/posts\/391\/revisions"}],"predecessor-version":[{"id":393,"href":"https:\/\/aracati.net\/v3\/wp-json\/wp\/v2\/posts\/391\/revisions\/393"}],"wp:featuredmedia":[{"embeddable":true,"href":"https:\/\/aracati.net\/v3\/wp-json\/wp\/v2\/media\/392"}],"wp:attachment":[{"href":"https:\/\/aracati.net\/v3\/wp-json\/wp\/v2\/media?parent=391"}],"wp:term":[{"taxonomy":"category","embeddable":true,"href":"https:\/\/aracati.net\/v3\/wp-json\/wp\/v2\/categories?post=391"},{"taxonomy":"post_tag","embeddable":true,"href":"https:\/\/aracati.net\/v3\/wp-json\/wp\/v2\/tags?post=391"}],"curies":[{"name":"wp","href":"https:\/\/api.w.org\/{rel}","templated":true}]}}